{"id":111174,"date":"2024-03-02T13:12:26","date_gmt":"2024-03-02T12:12:26","guid":{"rendered":"https:\/\/www.fup-ag.com\/?post_type=news&#038;p=111174"},"modified":"2024-12-23T13:52:31","modified_gmt":"2024-12-23T12:52:31","slug":"70-years-of-the-bdu-insights-and-impressions-from-the-german-consultants-day-in-berlin-5","status":"publish","type":"news","link":"https:\/\/www.fup-ag.com\/en\/news\/70-years-of-the-bdu-insights-and-impressions-from-the-german-consultants-day-in-berlin-5\/","title":{"rendered":"9th Interim Management Conference 2024 in Salzburg"},"content":{"rendered":"<div class=\"zw-cgb zw-cgb__120 zw-header-standard-block is-first-block    show-gradient \"><div class=\"bg-image\"><picture><img decoding=\"sync\" loading=\"eager\" fetchPriority=\"high\" id=\"zwi_70341\" class=\"zw-cgb__image\" src=\"data:image\/png;base64,iVBORw0KGgoAAAANSUhEUgAAAAEAAAABCAQAAAC1HAwCAAAAC0lEQVR42mNkYAAAAAYAAjCB0C8AAAAASUVORK5CYII=\" alt=\"\" onload=\"zwHeaderPictureDone(this,'pre_70341', 'pre_70341')\"><source id=\"LCP_70341\"><\/picture><\/div><div class=\"container zw-cgb-content zw-cgb__header-content-wrapper\"><h1 class=\"zw-cgb__headlines\"><span class=\"zw-cgb__preheadline\">news March 02, 2024<\/span><span class=\"zw-cgb__headline\">9th KIM &#8211; Conference for Interim Management<\/span><\/h1><\/div>\n        <\/div><!-- .zw-cgb .zw-header-standard -->\n    <div class=\"zw-cgb zw-cgb__000  zw-cgb_textblock  default-margin  b_standart  zw-t-l\">\n            <div class=\"container zw-cgb-content\">\n        <h2 class=\"zw-cgb__headlines\"><span class=\"zw-cgb__preheadline\">F&amp;P News<\/span><span class=\"zw-cgb__headline\">The 9th Interim Management Conference 2024 in Salzburg<\/span><\/h2><p class=\"zw-cgb__fulltext \">Unser Team, unter der F\u00fchrung von CEO <a href=\"https:\/\/www.linkedin.com\/in\/ACoAAAC6694BnTEqQ28ACJ07Jsw_VY6C9e6PzDQ\" target=\"_blank\" rel=\"noopener\"><\/a><a href=\"https:\/\/www.fup-ag.com\/team\/bernd-fischer\/\">Bernd Fischer<\/a> war stolzer Sponsor dieser inspirierenden Veranstaltung. \ud83d\udcaa Thema der Konferenz: \u201eTHE NEW INTERIM MANAGEMENT GENERATION\u201c<br><br>Gemeinsam mit Senior Partner <a href=\"https:\/\/www.linkedin.com\/in\/ACoAAAA0rHkB88o8YUACa9jHaFC2TxYQWi0icyo\" target=\"_blank\" rel=\"noopener\"><\/a><a href=\"https:\/\/www.fup-ag.com\/team\/thomas-ohlenbostel\/\">Thomas Ohlenbostel<\/a> und den Marketing Executive Assistants <a href=\"https:\/\/www.linkedin.com\/in\/ACoAAC3LUc4BomPDV5cPgW_wBISsDffzKRz_jWE\" target=\"_blank\" rel=\"noopener\"><\/a>Bianca Lihl und <a href=\"https:\/\/www.linkedin.com\/in\/ACoAADgQt24BPNgW8HCuHKPpcYQJgZxpkczU_ZE\" target=\"_blank\" rel=\"noopener\"><\/a>Alina Pf\u00f6rtner haben wir spannende Einblicke gewonnen.<br><br>Highlights und Erkenntnisse #Frauenpower! Mit stolzen 8 weiblichen Speakern wurde die Vielfalt und St\u00e4rke der Branche unterstrichen. Zugleich zeigte sich, dass die Branche immer j\u00fcnger wird, und F&amp;P steht f\u00fcr beide Trends!<br><\/p><p class=\"zw-cgb__fulltext \">Wir forcieren den Eintritt in den \u00d6sterreichischen Markt, also war es ein absolutes Highlight mit potentiellen Partnern zu sprechen.<br><br>Auch der Ausblick auf die Marktstudie des DDIM e.V. &#8211; Dachgesellschaft Deutsches Interim Management f\u00fcr 2024 verspricht faszinierende Entwicklungen.<br><br>Ein herzliches Dankesch\u00f6n f\u00fcr die gelungene Veranstaltung m\u00f6chten wir richten, an:<br>\u2022 den Vorstandsvorsitzenden des D\u00d6IM &#8211; Dachorganisation \u00f6st. Interim Management <a href=\"https:\/\/www.linkedin.com\/in\/ACoAADpcoxMBuvIAMDxZ_Vvk2p0FygKj3qcg-yg\" target=\"_blank\" rel=\"noopener\"><\/a>Martin Mayr und Gesch\u00e4ftsf\u00fchrers der GOiNTERIM GmbH sowie <a href=\"https:\/\/www.linkedin.com\/in\/ACoAAAIFnQYBcMqrI6oYJO31xPPt9AXZfBNKbxs\" target=\"_blank\" rel=\"noopener\"><\/a>Stefanie Heckmann und <a href=\"https:\/\/www.linkedin.com\/in\/ACoAAAEL6xMB9rblFYjwg4wsruJe_rRoshHNcEE\" target=\"_blank\" rel=\"noopener\"><\/a>Michael Stowasser, CMC<br>\u2022 die Vorstandsvorsitzende der DDIM <a href=\"https:\/\/www.linkedin.com\/in\/ACoAAADM5B4Bfj9fW0upYBBmzyzE_xpiW24_U-U\" target=\"_blank\" rel=\"noopener\"><\/a>Marei Strack sowie den Gesch\u00e4ftsstellenleiter <a href=\"https:\/\/www.linkedin.com\/in\/ACoAABYtf-gBQJHpnUMDk9Vt9CKc8UPsJBXlSz8\" target=\"_blank\" rel=\"noopener\"><\/a>Michael Stechert<br>\u2022 <a href=\"https:\/\/www.linkedin.com\/in\/ACoAAAB2ygQBZbXILAbq8WfHUbM3em7A0fDDN7A\" target=\"_blank\" rel=\"noopener\"><\/a>Malte Borchardt von forma interim &#8211; Marketing f\u00fcr Macher<br>\u2022 den Vorsitzenden des AIMP &#8211; Arbeitskreis Interim Management Professionals Dr. <a href=\"https:\/\/www.linkedin.com\/in\/ACoAAAAI3kMBhJgcU_7JDc4MSvBtJhWL-CI4Xgo\" target=\"_blank\" rel=\"noopener\"><\/a>Andreas Suter<br>und an alle, die an der Gestaltung dieser herausragenden Veranstaltung beteiligt waren.<\/p>              <\/div>\n    <\/div>\n\n\n    <div class=\"zw-cgb zw-cgb__140 team-member  black-color default-margin  \">\n            <div class=\"container-fluid\">\n        <div class=\"zw-cgb-content member-row row\">\n          <div class=\"team-member-single zw-cgb zw-member-item col-12 col-lg\" ><div class=\"zw-cgb zw-cgb-content\"><div class=\"image-content\"><div class=\"image-container single-featured teaser-portrait\"><a href=\"https:\/\/www.fup-ag.com\/en\/team\/dipl-kfm-bernd-fischer\/\" title=\"Bernd Fischer\"><picture><source srcset=\"https:\/\/www.fup-ag.com\/wp-content\/uploads\/2024\/09\/Bernd-Fischer-480x424.png 992w, https:\/\/www.fup-ag.com\/wp-content\/uploads\/2024\/09\/Bernd-Fischer.png 1400w\" media=\"(orientation: landscape)\" sizes=\"(max-width: 992px) 425px, (max-width: 1400px) 500px, 525px\" ><source srcset=\"https:\/\/www.fup-ag.com\/wp-content\/uploads\/2024\/09\/Bernd-Fischer-480x424.png 992w, https:\/\/www.fup-ag.com\/wp-content\/uploads\/2024\/09\/Bernd-Fischer.png 1400w\" media=\"(orientation: portrait)\" sizes=\"(max-width: 992px) 425px, (max-width: 1400px) 500px, 525px\" ><img decoding=\"async\" loading=\"lazy\" id=\"zwi_103704\" class=\"zw-cgb__image\" src=\"https:\/\/www.fup-ag.com\/wp-content\/uploads\/2024\/09\/Bernd-Fischer.png\" alt=\"\"><\/picture><\/a><\/div><\/div><div class=\"column-content\"><div class=\"inner-content\"><p class=\"zw-cgb__fulltext\"><span class=\"zw-title\">Dipl.-Kfm. <\/span>Bernd Fischer<\/p><p class=\"zw-cgb__fulltext zw-position\">CEO<\/p><a class=\"zw-phone\" href=\"tel:+49 171 2177320\" title=\"Phone\"><i class=\"fa-regular fa-phone\"><\/i>+49 171 2177320<\/a><a class=\"zw-mail\" href=\"mailto:fischer@fup-ag.com\" title=\"E-Mail\"><i class=\"fa-regular fa-envelope\"><\/i>fischer@fup-ag.com<\/a><div class=\"zw-socials-container\"><a class=\"zw-social linked-in\" href=\"https:\/\/de.linkedin.com\/in\/berndfischerprojectmanagement\" target=\"_blank\" title=\"Social Link\" rel=\"noopener\"><i class=\"fa-brands fa-linkedin-in\"><\/i><\/a><a class=\"zw-social xing\" href=\"https:\/\/www.xing.com\/profile\/Bernd_Fischer13\" target=\"_blank\" title=\"Social Link\" rel=\"noopener\"><i class=\"fa-brands fa-xing\"><\/i><\/a><\/div><div class=\"zw-link-container\"><div class=\"zw-cgb zw-cgb-button-container \"><a href=\"https:\/\/www.fup-ag.com\/en\/team\/dipl-kfm-bernd-fischer\/\" class=\"zw-cgb__btn btn btn-primary \">To the expert profile<\/a><\/div><\/div><\/div><\/div><\/div><\/div><div class=\"team-member-single zw-cgb zw-member-item col-12 col-lg\" ><div class=\"zw-cgb zw-cgb-content\"><div class=\"image-content\"><div class=\"image-container single-featured teaser-portrait\"><a href=\"https:\/\/www.fup-ag.com\/en\/team\/thomas-ohlenbostel\/\" title=\"Thomas Ohlenbostel\"><picture><source srcset=\"https:\/\/www.fup-ag.com\/wp-content\/uploads\/2017\/09\/ohlenbostel-thomas.png 992w, https:\/\/www.fup-ag.com\/wp-content\/uploads\/2017\/09\/ohlenbostel-thomas.png 1400w\" media=\"(orientation: landscape)\" sizes=\"(max-width: 992px) 425px, (max-width: 1400px) 500px, 525px\" ><source srcset=\"https:\/\/www.fup-ag.com\/wp-content\/uploads\/2017\/09\/ohlenbostel-thomas.png 992w, https:\/\/www.fup-ag.com\/wp-content\/uploads\/2017\/09\/ohlenbostel-thomas.png 1400w\" media=\"(orientation: portrait)\" sizes=\"(max-width: 992px) 425px, (max-width: 1400px) 500px, 525px\" ><img decoding=\"async\" loading=\"lazy\" id=\"zwi_58862\" class=\"zw-cgb__image\" src=\"https:\/\/www.fup-ag.com\/wp-content\/uploads\/2017\/09\/ohlenbostel-thomas.png\" alt=\"\"><\/picture><\/a><\/div><\/div><div class=\"column-content\"><div class=\"inner-content\"><p class=\"zw-cgb__fulltext\"><span class=\"zw-title\">Dipl.-Kaufm. <\/span>Thomas Ohlenbostel<\/p><p class=\"zw-cgb__fulltext zw-position\">Senior Partner<\/p><a class=\"zw-phone\" href=\"tel:+49 172 207 98 44 \" title=\"Phone\"><i class=\"fa-regular fa-phone\"><\/i>+49 172 207 98 44 <\/a><a class=\"zw-mail\" href=\"mailto:ohlenbostel@fup-ag.com\" title=\"E-Mail\"><i class=\"fa-regular fa-envelope\"><\/i>ohlenbostel@fup-ag.com<\/a><div class=\"zw-socials-container\"><a class=\"zw-social linked-in\" href=\"https:\/\/www.linkedin.com\/in\/thomas-ohlenbostel-8491a51\/\" target=\"_blank\" title=\"Social Link\" rel=\"noopener\"><i class=\"fa-brands fa-linkedin-in\"><\/i><\/a><\/div><div class=\"zw-link-container\"><div class=\"zw-cgb zw-cgb-button-container \"><a href=\"https:\/\/www.fup-ag.com\/en\/team\/thomas-ohlenbostel\/\" class=\"zw-cgb__btn btn btn-primary \">To the expert profile<\/a><\/div><\/div><\/div><\/div><\/div><\/div>        <\/div>\n      <\/div>\n    <\/div>\n\n\n<p><\/p>\n","protected":false},"excerpt":{"rendered":"<div class=\"zw-cgb zw-cgb__120 zw-header-standard-block     show-gradient \">\n<div class=\"bg-image\"><picture><source srcset=\"https:\/\/www.fup-ag.com\/wp-content\/uploads\/2024\/03\/IMG-20240314-WA0008-150x150.jpg 150w, https:\/\/www.fup-ag.com\/wp-content\/uploads\/2024\/03\/IMG-20240314-WA0008-480x640.jpg 480w, https:\/\/www.fup-ag.com\/wp-content\/uploads\/2024\/03\/IMG-20240314-WA0008-768x1024.jpg 768w, https:\/\/www.fup-ag.com\/wp-content\/uploads\/2024\/03\/IMG-20240314-WA0008-1000x400.jpg 1000w, https:\/\/www.fup-ag.com\/wp-content\/uploads\/2024\/03\/IMG-20240314-WA0008-1024x1365.jpg 1024w, https:\/\/www.fup-ag.com\/wp-content\/uploads\/2024\/03\/IMG-20240314-WA0008-1440x1920.jpg 1440w, https:\/\/www.fup-ag.com\/wp-content\/uploads\/2024\/03\/IMG-20240314-WA0008.jpg 1920w, https:\/\/www.fup-ag.com\/wp-content\/uploads\/2024\/03\/IMG-20240314-WA0008.jpg 9999w\" sizes=\"(max-width: 480px) 100vw, (max-width: 768px) 100vw, (max-width: 1024px) 100vw, (max-width: 1440px) 100vw, 100vw\" ><img decoding=\"async\" loading=\"lazy\" id=\"zwi_70341\" class=\"zw-cgb__image\" src=\"https:\/\/www.fup-ag.com\/wp-content\/uploads\/2024\/03\/IMG-20240314-WA0008.jpg\" alt=\"\"><\/picture><\/div>\n<div class=\"container zw-cgb-content zw-cgb__header-content-wrapper\">\n<h2 class=\"zw-cgb__headlines\"><span class=\"zw-cgb__preheadline\">news March 02, 2024<\/span><span class=\"zw-cgb__headline\">9th KIM &#8211; Conference for Interim Management<\/span><\/h2>\n<\/div><\/div>\n<p><!-- .zw-cgb .zw-header-standard --><\/p>\n","protected":false},"author":5,"featured_media":70342,"menu_order":0,"template":"","categories":[],"expertise":[],"service":[],"industry":[],"type-news":[],"class_list":["post-111174","news","type-news","status-publish","has-post-thumbnail","hentry"],"_links":{"self":[{"href":"https:\/\/www.fup-ag.com\/en\/wp-json\/wp\/v2\/news\/111174","targetHints":{"allow":["GET"]}}],"collection":[{"href":"https:\/\/www.fup-ag.com\/en\/wp-json\/wp\/v2\/news"}],"about":[{"href":"https:\/\/www.fup-ag.com\/en\/wp-json\/wp\/v2\/types\/news"}],"author":[{"embeddable":true,"href":"https:\/\/www.fup-ag.com\/en\/wp-json\/wp\/v2\/users\/5"}],"version-history":[{"count":4,"href":"https:\/\/www.fup-ag.com\/en\/wp-json\/wp\/v2\/news\/111174\/revisions"}],"predecessor-version":[{"id":111180,"href":"https:\/\/www.fup-ag.com\/en\/wp-json\/wp\/v2\/news\/111174\/revisions\/111180"}],"wp:featuredmedia":[{"embeddable":true,"href":"https:\/\/www.fup-ag.com\/en\/wp-json\/wp\/v2\/media\/70342"}],"wp:attachment":[{"href":"https:\/\/www.fup-ag.com\/en\/wp-json\/wp\/v2\/media?parent=111174"}],"wp:term":[{"taxonomy":"category","embeddable":true,"href":"https:\/\/www.fup-ag.com\/en\/wp-json\/wp\/v2\/categories?post=111174"},{"taxonomy":"expertise","embeddable":true,"href":"https:\/\/www.fup-ag.com\/en\/wp-json\/wp\/v2\/expertise?post=111174"},{"taxonomy":"service","embeddable":true,"href":"https:\/\/www.fup-ag.com\/en\/wp-json\/wp\/v2\/service?post=111174"},{"taxonomy":"industry","embeddable":true,"href":"https:\/\/www.fup-ag.com\/en\/wp-json\/wp\/v2\/industry?post=111174"},{"taxonomy":"type-news","embeddable":true,"href":"https:\/\/www.fup-ag.com\/en\/wp-json\/wp\/v2\/type-news?post=111174"}],"curies":[{"name":"wp","href":"https:\/\/api.w.org\/{rel}","templated":true}]}}